{"id":167,"date":"2014-10-31T18:14:50","date_gmt":"2014-10-31T17:14:50","guid":{"rendered":"http:\/\/inesgilh.com\/?p=167"},"modified":"2014-11-07T15:50:00","modified_gmt":"2014-11-07T14:50:00","slug":"sebastiao-salgado-la-sal-de-la-terra","status":"publish","type":"post","link":"https:\/\/inesgilh.com\/?p=167","title":{"rendered":"Sebastiao Salgado &#8211; La Sal de la Tierra (Documental)"},"content":{"rendered":"<p style=\"text-align: justify;\">Hoy es viernes, d\u00eda de estrenos en el cine y d\u00eda de estreno para mi&#8230; Inauguro este blog en el que compartir\u00e9 fotograf\u00edas, experiencias, conocimientos, noticias y todo lo que se me ocurra que tenga relaci\u00f3n con el arte de escribir con luz. Espero que os guste.<\/p>\n<p style=\"text-align: justify;\">Y hablando de estrenos&#8230;<\/p>\n<p style=\"text-align: justify;\">Hoy llega a nuestras pantallas de cine <em>La Sal de la Tierra<\/em>, un documental dirigido por Wim Wenders y Juliano Ribeiro Salgado. Este documental hace un recorrido por los 40 a\u00f1os que lleva Sebastiao Salgado pateando el planeta Tierra y fotografi\u00e1ndo sus gentes y sus paisajes, denunciando situaciones l\u00edmite a las que una gran cantidad de pueblos se ven abocados en pleno SXX y SXXI.<\/p>\n<p><iframe loading=\"lazy\" title=\"LA SAL DE LA TIERRA Tr\u00e1iler Oficial VOSE (2014)\" width=\"1080\" height=\"608\" src=\"https:\/\/www.youtube.com\/embed\/dpPqvIyh98g?feature=oembed\" frameborder=\"0\" allow=\"accelerometer; autoplay; encrypted-media; gyroscope; picture-in-picture\" allowfullscreen><\/iframe><\/p>\n<p style=\"text-align: justify;\">Sebastiao Salgado es uno de mis fot\u00f3grafos favoritos (por no decir mi favorito). \u00bfPor qu\u00e9? Simplemente porque no puedo ver sus fotograf\u00edas y quedarme impasible. La composici\u00f3n en cada una de sus fotograf\u00edas , la gama tonal, la belleza de sus im\u00e1genes relatando la crudeza de una realidad que muchas veces pasamos por alto, hacen que cada uno de sus trabajos sean, adem\u00e1s de obras de arte, verdaderos tesoros antropol\u00f3gicos.<\/p>\n\n\t\t<style type=\"text\/css\">\n\t\t\t#gallery-1 {\n\t\t\t\tmargin: auto;\n\t\t\t}\n\t\t\t#gallery-1 .gallery-item {\n\t\t\t\tfloat: left;\n\t\t\t\tmargin-top: 10px;\n\t\t\t\ttext-align: center;\n\t\t\t\twidth: 33%;\n\t\t\t}\n\t\t\t#gallery-1 img {\n\t\t\t\tborder: 2px solid #cfcfcf;\n\t\t\t}\n\t\t\t#gallery-1 .gallery-caption {\n\t\t\t\tmargin-left: 0;\n\t\t\t}\n\t\t\t\/* see gallery_shortcode() in wp-includes\/media.php *\/\n\t\t<\/style>\n\t\t<div id='gallery-1' class='gallery galleryid-167 gallery-columns-3 gallery-size-thumbnail'><dl class='gallery-item'>\n\t\t\t<dt class='gallery-icon landscape'>\n\t\t\t\t<a href='https:\/\/inesgilh.com\/wp-content\/uploads\/2014\/10\/Sebasti\u00e3o-Salgado-11.jpg'><img loading=\"lazy\" decoding=\"async\" width=\"150\" height=\"150\" src=\"https:\/\/inesgilh.com\/wp-content\/uploads\/2014\/10\/Sebasti\u00e3o-Salgado-11-150x150.jpg\" class=\"attachment-thumbnail size-thumbnail\" alt=\"\" srcset=\"https:\/\/inesgilh.com\/wp-content\/uploads\/2014\/10\/Sebasti\u00e3o-Salgado-11-150x150.jpg 150w, https:\/\/inesgilh.com\/wp-content\/uploads\/2014\/10\/Sebasti\u00e3o-Salgado-11-100x100.jpg 100w\" sizes=\"auto, (max-width: 150px) 100vw, 150px\" \/><\/a>\n\t\t\t<\/dt><\/dl><dl class='gallery-item'>\n\t\t\t<dt class='gallery-icon landscape'>\n\t\t\t\t<a href='https:\/\/inesgilh.com\/wp-content\/uploads\/2014\/10\/sebastiao-salgado-07.jpg'><img loading=\"lazy\" decoding=\"async\" width=\"150\" height=\"150\" src=\"https:\/\/inesgilh.com\/wp-content\/uploads\/2014\/10\/sebastiao-salgado-07-150x150.jpg\" class=\"attachment-thumbnail size-thumbnail\" alt=\"\" srcset=\"https:\/\/inesgilh.com\/wp-content\/uploads\/2014\/10\/sebastiao-salgado-07-150x150.jpg 150w, https:\/\/inesgilh.com\/wp-content\/uploads\/2014\/10\/sebastiao-salgado-07-100x100.jpg 100w\" sizes=\"auto, (max-width: 150px) 100vw, 150px\" \/><\/a>\n\t\t\t<\/dt><\/dl><dl class='gallery-item'>\n\t\t\t<dt class='gallery-icon landscape'>\n\t\t\t\t<a href='https:\/\/inesgilh.com\/wp-content\/uploads\/2014\/10\/Salgado-III.jpg'><img loading=\"lazy\" decoding=\"async\" width=\"150\" height=\"150\" src=\"https:\/\/inesgilh.com\/wp-content\/uploads\/2014\/10\/Salgado-III-150x150.jpg\" class=\"attachment-thumbnail size-thumbnail\" alt=\"\" srcset=\"https:\/\/inesgilh.com\/wp-content\/uploads\/2014\/10\/Salgado-III-150x150.jpg 150w, https:\/\/inesgilh.com\/wp-content\/uploads\/2014\/10\/Salgado-III-100x100.jpg 100w\" sizes=\"auto, (max-width: 150px) 100vw, 150px\" \/><\/a>\n\t\t\t<\/dt><\/dl><br style=\"clear: both\" \/><dl class='gallery-item'>\n\t\t\t<dt class='gallery-icon landscape'>\n\t\t\t\t<a href='https:\/\/inesgilh.com\/wp-content\/uploads\/2014\/10\/Salgado-II.jpg'><img loading=\"lazy\" decoding=\"async\" width=\"150\" height=\"150\" src=\"https:\/\/inesgilh.com\/wp-content\/uploads\/2014\/10\/Salgado-II-150x150.jpg\" class=\"attachment-thumbnail size-thumbnail\" alt=\"\" srcset=\"https:\/\/inesgilh.com\/wp-content\/uploads\/2014\/10\/Salgado-II-150x150.jpg 150w, https:\/\/inesgilh.com\/wp-content\/uploads\/2014\/10\/Salgado-II-100x100.jpg 100w\" sizes=\"auto, (max-width: 150px) 100vw, 150px\" \/><\/a>\n\t\t\t<\/dt><\/dl><dl class='gallery-item'>\n\t\t\t<dt class='gallery-icon landscape'>\n\t\t\t\t<a href='https:\/\/inesgilh.com\/wp-content\/uploads\/2014\/10\/Gourma-Rharous.-Mali-1985.jpg'><img loading=\"lazy\" decoding=\"async\" width=\"150\" height=\"150\" src=\"https:\/\/inesgilh.com\/wp-content\/uploads\/2014\/10\/Gourma-Rharous.-Mali-1985-150x150.jpg\" class=\"attachment-thumbnail size-thumbnail\" alt=\"\" srcset=\"https:\/\/inesgilh.com\/wp-content\/uploads\/2014\/10\/Gourma-Rharous.-Mali-1985-150x150.jpg 150w, https:\/\/inesgilh.com\/wp-content\/uploads\/2014\/10\/Gourma-Rharous.-Mali-1985-100x100.jpg 100w\" sizes=\"auto, (max-width: 150px) 100vw, 150px\" \/><\/a>\n\t\t\t<\/dt><\/dl><dl class='gallery-item'>\n\t\t\t<dt class='gallery-icon landscape'>\n\t\t\t\t<a href='https:\/\/inesgilh.com\/wp-content\/uploads\/2014\/10\/sebastiao-salgado-fotografia.jpg'><img loading=\"lazy\" decoding=\"async\" width=\"150\" height=\"150\" src=\"https:\/\/inesgilh.com\/wp-content\/uploads\/2014\/10\/sebastiao-salgado-fotografia-150x150.jpg\" class=\"attachment-thumbnail size-thumbnail\" alt=\"\" srcset=\"https:\/\/inesgilh.com\/wp-content\/uploads\/2014\/10\/sebastiao-salgado-fotografia-150x150.jpg 150w, https:\/\/inesgilh.com\/wp-content\/uploads\/2014\/10\/sebastiao-salgado-fotografia-100x100.jpg 100w\" sizes=\"auto, (max-width: 150px) 100vw, 150px\" \/><\/a>\n\t\t\t<\/dt><\/dl><br style=\"clear: both\" \/>\n\t\t<\/div>\n\n<p style=\"text-align: justify;\">En la pasada Edici\u00f3n de <a href=\"http:\/\/fotogenio.net\/\" target=\"_blank\">Fotogenio, <\/a>tuve la gran suerte de poder escucharle en directo. Ya lo admiraba como fot\u00f3grafo y, despu\u00e9s de su ponencia, \u00a0lo empec\u00e9 a admirar como persona; su humanidad, sus palabras, su cadencia de voz, la sencillez de su puesta en escena hicieron de esa hora y media una especie de \u00abmomento trascendental\u00bb que no olvidar\u00e9 jam\u00e1s&#8230; Por no hablar de las fotograf\u00edas vistas en pantalla gigante.<\/p>\n<p style=\"text-align: justify;\">Le compr\u00e9 su \u00faltimo libro, <em>G\u00e9nesis <\/em>y me lo llev\u00e9 firmado y dedicado ( muchas gracias por la foto, <a href=\"http:\/\/www.lauramedrano.es\/\" target=\"_blank\">Laura<\/a>).<\/p>\n\n\t\t<style type=\"text\/css\">\n\t\t\t#gallery-2 {\n\t\t\t\tmargin: auto;\n\t\t\t}\n\t\t\t#gallery-2 .gallery-item {\n\t\t\t\tfloat: left;\n\t\t\t\tmargin-top: 10px;\n\t\t\t\ttext-align: center;\n\t\t\t\twidth: 33%;\n\t\t\t}\n\t\t\t#gallery-2 img {\n\t\t\t\tborder: 2px solid #cfcfcf;\n\t\t\t}\n\t\t\t#gallery-2 .gallery-caption {\n\t\t\t\tmargin-left: 0;\n\t\t\t}\n\t\t\t\/* see gallery_shortcode() in wp-includes\/media.php *\/\n\t\t<\/style>\n\t\t<div id='gallery-2' class='gallery galleryid-167 gallery-columns-3 gallery-size-thumbnail'><dl class='gallery-item'>\n\t\t\t<dt class='gallery-icon landscape'>\n\t\t\t\t<a href='https:\/\/inesgilh.com\/?attachment_id=180'><img loading=\"lazy\" decoding=\"async\" width=\"150\" height=\"150\" src=\"https:\/\/inesgilh.com\/wp-content\/uploads\/2014\/10\/IGH-4660-Sagado-es-mucho-Salgado-150x150.jpg\" class=\"attachment-thumbnail size-thumbnail\" alt=\"\" srcset=\"https:\/\/inesgilh.com\/wp-content\/uploads\/2014\/10\/IGH-4660-Sagado-es-mucho-Salgado-150x150.jpg 150w, https:\/\/inesgilh.com\/wp-content\/uploads\/2014\/10\/IGH-4660-Sagado-es-mucho-Salgado-100x100.jpg 100w\" sizes=\"auto, (max-width: 150px) 100vw, 150px\" \/><\/a>\n\t\t\t<\/dt><\/dl><dl class='gallery-item'>\n\t\t\t<dt class='gallery-icon landscape'>\n\t\t\t\t<a href='https:\/\/inesgilh.com\/?attachment_id=174'><img loading=\"lazy\" decoding=\"async\" width=\"150\" height=\"150\" src=\"https:\/\/inesgilh.com\/wp-content\/uploads\/2014\/10\/Sebastiao-Salgado-150x150.jpg\" class=\"attachment-thumbnail size-thumbnail\" alt=\"\" srcset=\"https:\/\/inesgilh.com\/wp-content\/uploads\/2014\/10\/Sebastiao-Salgado-150x150.jpg 150w, https:\/\/inesgilh.com\/wp-content\/uploads\/2014\/10\/Sebastiao-Salgado-100x100.jpg 100w\" sizes=\"auto, (max-width: 150px) 100vw, 150px\" \/><\/a>\n\t\t\t<\/dt><\/dl><dl class='gallery-item'>\n\t\t\t<dt class='gallery-icon portrait'>\n\t\t\t\t<a href='https:\/\/inesgilh.com\/?attachment_id=179'><img loading=\"lazy\" decoding=\"async\" width=\"150\" height=\"150\" src=\"https:\/\/inesgilh.com\/wp-content\/uploads\/2014\/10\/Dedicatoria-150x150.jpg\" class=\"attachment-thumbnail size-thumbnail\" alt=\"\" srcset=\"https:\/\/inesgilh.com\/wp-content\/uploads\/2014\/10\/Dedicatoria-150x150.jpg 150w, https:\/\/inesgilh.com\/wp-content\/uploads\/2014\/10\/Dedicatoria-100x100.jpg 100w\" sizes=\"auto, (max-width: 150px) 100vw, 150px\" \/><\/a>\n\t\t\t<\/dt><\/dl><br style=\"clear: both\" \/>\n\t\t<\/div>\n\n<p>Por si todo esto fuera poco&#8230; pude hacerle una fotograf\u00eda para mi serie <a href=\"https:\/\/inesgilh.com\/des_carados\/\" target=\"_blank\">Des_carados<\/a>. Descubr\u00ed a un Salgado t\u00edmido que se cubr\u00eda bajo una gorra y se escond\u00eda tras un micr\u00f3fono.<\/p>\n<p><a href=\"https:\/\/inesgilh.com\/wp-content\/uploads\/2014\/10\/Sebastao-Salgado.jpg\"><img loading=\"lazy\" decoding=\"async\" class=\"alignleft size-full wp-image-182\" src=\"https:\/\/inesgilh.com\/wp-content\/uploads\/2014\/10\/Sebastao-Salgado.jpg\" alt=\"Sebastiao Salgado\" width=\"870\" height=\"657\" srcset=\"https:\/\/inesgilh.com\/wp-content\/uploads\/2014\/10\/Sebastao-Salgado.jpg 870w, https:\/\/inesgilh.com\/wp-content\/uploads\/2014\/10\/Sebastao-Salgado-300x226.jpg 300w, https:\/\/inesgilh.com\/wp-content\/uploads\/2014\/10\/Sebastao-Salgado-600x453.jpg 600w, https:\/\/inesgilh.com\/wp-content\/uploads\/2014\/10\/Sebastao-Salgado-644x486.jpg 644w\" sizes=\"auto, (max-width: 870px) 100vw, 870px\" \/><\/a><\/p>\n<p>&nbsp;<\/p>\n","protected":false},"excerpt":{"rendered":"<p>Hoy es viernes, d\u00eda de estrenos en el cine y d\u00eda de estreno para mi&#8230; Inauguro este blog en el que compartir\u00e9 fotograf\u00edas, experiencias, conocimientos, noticias y todo lo que se me ocurra que tenga relaci\u00f3n con el arte de escribir con luz. Espero que os guste. Y hablando de estrenos&#8230; Hoy llega a nuestras [&hellip;]<\/p>\n","protected":false},"author":1,"featured_media":0,"comment_status":"open","ping_status":"closed","sticky":false,"template":"","format":"standard","meta":{"_et_pb_use_builder":"","_et_pb_old_content":"","_et_gb_content_width":"","footnotes":""},"categories":[4,3],"tags":[6,7,5],"class_list":["post-167","post","type-post","status-publish","format-standard","hentry","category-cine","category-fotografos","tag-documental","tag-la-sal-de-la-tierra","tag-sebastiao-salgado"],"yoast_head":"<!-- This site is optimized with the Yoast SEO plugin v27.5 - https:\/\/yoast.com\/product\/yoast-seo-wordpress\/ -->\n<title>Sebastiao Salgado - La sal de la Tierra (Documental)<\/title>\n<meta name=\"description\" content=\"La Sal de la Tierra es el t\u00edtulo del documental dirigido por Wim Wenders y Juliano Ribeiro Salgado que recorre 40 a\u00f1os como fot\u00f3grafo de Sebastiao Salgado\" \/>\n<meta name=\"robots\" content=\"index, follow, max-snippet:-1, max-image-preview:large, max-video-preview:-1\" \/>\n<link rel=\"canonical\" href=\"https:\/\/inesgilh.com\/?p=167\" \/>\n<meta property=\"og:locale\" content=\"es_ES\" \/>\n<meta property=\"og:type\" content=\"article\" \/>\n<meta property=\"og:title\" content=\"Sebastiao Salgado - La sal de la Tierra (Documental)\" \/>\n<meta property=\"og:description\" content=\"La Sal de la Tierra es el t\u00edtulo del documental dirigido por Wim Wenders y Juliano Ribeiro Salgado que recorre 40 a\u00f1os como fot\u00f3grafo de Sebastiao Salgado\" \/>\n<meta property=\"og:url\" content=\"https:\/\/inesgilh.com\/?p=167\" \/>\n<meta property=\"og:site_name\" content=\"FOTOEXPRESIONES\" \/>\n<meta property=\"article:publisher\" content=\"https:\/\/www.facebook.com\/fotoxpresiones\/\" \/>\n<meta property=\"article:published_time\" content=\"2014-10-31T17:14:50+00:00\" \/>\n<meta property=\"article:modified_time\" content=\"2014-11-07T14:50:00+00:00\" \/>\n<meta property=\"og:image\" content=\"https:\/\/inesgilh.com\/wp-content\/uploads\/2014\/10\/Sebasti\u00e3o-Salgado-11-150x150.jpg\" \/>\n<meta name=\"author\" content=\"Inesgilh\" \/>\n<meta name=\"twitter:label1\" content=\"Escrito por\" \/>\n\t<meta name=\"twitter:data1\" content=\"Inesgilh\" \/>\n\t<meta name=\"twitter:label2\" content=\"Tiempo de lectura\" \/>\n\t<meta name=\"twitter:data2\" content=\"2 minutos\" \/>\n<script type=\"application\/ld+json\" class=\"yoast-schema-graph\">{\"@context\":\"https:\\\/\\\/schema.org\",\"@graph\":[{\"@type\":\"Article\",\"@id\":\"https:\\\/\\\/inesgilh.com\\\/?p=167#article\",\"isPartOf\":{\"@id\":\"https:\\\/\\\/inesgilh.com\\\/?p=167\"},\"author\":{\"name\":\"Inesgilh\",\"@id\":\"https:\\\/\\\/inesgilh.com\\\/#\\\/schema\\\/person\\\/56c555fbd85d93fd90e2cf1a0087e2b9\"},\"headline\":\"Sebastiao Salgado &#8211; La Sal de la Tierra (Documental)\",\"datePublished\":\"2014-10-31T17:14:50+00:00\",\"dateModified\":\"2014-11-07T14:50:00+00:00\",\"mainEntityOfPage\":{\"@id\":\"https:\\\/\\\/inesgilh.com\\\/?p=167\"},\"wordCount\":355,\"commentCount\":0,\"image\":{\"@id\":\"https:\\\/\\\/inesgilh.com\\\/?p=167#primaryimage\"},\"thumbnailUrl\":\"https:\\\/\\\/inesgilh.com\\\/wp-content\\\/uploads\\\/2014\\\/10\\\/Sebastao-Salgado.jpg\",\"keywords\":[\"documental\",\"la sal de la tierra\",\"Sebastiao Salgado\"],\"articleSection\":[\"Cine\",\"Fotografos\"],\"inLanguage\":\"es\",\"potentialAction\":[{\"@type\":\"CommentAction\",\"name\":\"Comment\",\"target\":[\"https:\\\/\\\/inesgilh.com\\\/?p=167#respond\"]}]},{\"@type\":\"WebPage\",\"@id\":\"https:\\\/\\\/inesgilh.com\\\/?p=167\",\"url\":\"https:\\\/\\\/inesgilh.com\\\/?p=167\",\"name\":\"Sebastiao Salgado - La sal de la Tierra (Documental)\",\"isPartOf\":{\"@id\":\"https:\\\/\\\/inesgilh.com\\\/#website\"},\"primaryImageOfPage\":{\"@id\":\"https:\\\/\\\/inesgilh.com\\\/?p=167#primaryimage\"},\"image\":{\"@id\":\"https:\\\/\\\/inesgilh.com\\\/?p=167#primaryimage\"},\"thumbnailUrl\":\"https:\\\/\\\/inesgilh.com\\\/wp-content\\\/uploads\\\/2014\\\/10\\\/Sebastao-Salgado.jpg\",\"datePublished\":\"2014-10-31T17:14:50+00:00\",\"dateModified\":\"2014-11-07T14:50:00+00:00\",\"author\":{\"@id\":\"https:\\\/\\\/inesgilh.com\\\/#\\\/schema\\\/person\\\/56c555fbd85d93fd90e2cf1a0087e2b9\"},\"description\":\"La Sal de la Tierra es el t\u00edtulo del documental dirigido por Wim Wenders y Juliano Ribeiro Salgado que recorre 40 a\u00f1os como fot\u00f3grafo de Sebastiao Salgado\",\"breadcrumb\":{\"@id\":\"https:\\\/\\\/inesgilh.com\\\/?p=167#breadcrumb\"},\"inLanguage\":\"es\",\"potentialAction\":[{\"@type\":\"ReadAction\",\"target\":[\"https:\\\/\\\/inesgilh.com\\\/?p=167\"]}]},{\"@type\":\"ImageObject\",\"inLanguage\":\"es\",\"@id\":\"https:\\\/\\\/inesgilh.com\\\/?p=167#primaryimage\",\"url\":\"https:\\\/\\\/inesgilh.com\\\/wp-content\\\/uploads\\\/2014\\\/10\\\/Sebastao-Salgado.jpg\",\"contentUrl\":\"https:\\\/\\\/inesgilh.com\\\/wp-content\\\/uploads\\\/2014\\\/10\\\/Sebastao-Salgado.jpg\",\"width\":870,\"height\":657},{\"@type\":\"BreadcrumbList\",\"@id\":\"https:\\\/\\\/inesgilh.com\\\/?p=167#breadcrumb\",\"itemListElement\":[{\"@type\":\"ListItem\",\"position\":1,\"name\":\"Portada\",\"item\":\"https:\\\/\\\/inesgilh.com\\\/\"},{\"@type\":\"ListItem\",\"position\":2,\"name\":\"Sebastiao Salgado &#8211; La Sal de la Tierra (Documental)\"}]},{\"@type\":\"WebSite\",\"@id\":\"https:\\\/\\\/inesgilh.com\\\/#website\",\"url\":\"https:\\\/\\\/inesgilh.com\\\/\",\"name\":\"FOTOEXPRESIONES\",\"description\":\"In\u00e9s Gil Herrera -  Fotograf\u00eda\",\"potentialAction\":[{\"@type\":\"SearchAction\",\"target\":{\"@type\":\"EntryPoint\",\"urlTemplate\":\"https:\\\/\\\/inesgilh.com\\\/?s={search_term_string}\"},\"query-input\":{\"@type\":\"PropertyValueSpecification\",\"valueRequired\":true,\"valueName\":\"search_term_string\"}}],\"inLanguage\":\"es\"},{\"@type\":\"Person\",\"@id\":\"https:\\\/\\\/inesgilh.com\\\/#\\\/schema\\\/person\\\/56c555fbd85d93fd90e2cf1a0087e2b9\",\"name\":\"Inesgilh\",\"image\":{\"@type\":\"ImageObject\",\"inLanguage\":\"es\",\"@id\":\"https:\\\/\\\/secure.gravatar.com\\\/avatar\\\/2bb5d53a0a68150b3f5774392e9565e496ff199773b89bff31649f2e0b2d04b9?s=96&d=mm&r=g\",\"url\":\"https:\\\/\\\/secure.gravatar.com\\\/avatar\\\/2bb5d53a0a68150b3f5774392e9565e496ff199773b89bff31649f2e0b2d04b9?s=96&d=mm&r=g\",\"contentUrl\":\"https:\\\/\\\/secure.gravatar.com\\\/avatar\\\/2bb5d53a0a68150b3f5774392e9565e496ff199773b89bff31649f2e0b2d04b9?s=96&d=mm&r=g\",\"caption\":\"Inesgilh\"},\"sameAs\":[\"https:\\\/\\\/www.inesgilh.com\",\"https:\\\/\\\/x.com\\\/Fotoxpresiones\"]}]}<\/script>\n<!-- \/ Yoast SEO plugin. -->","yoast_head_json":{"title":"Sebastiao Salgado - La sal de la Tierra (Documental)","description":"La Sal de la Tierra es el t\u00edtulo del documental dirigido por Wim Wenders y Juliano Ribeiro Salgado que recorre 40 a\u00f1os como fot\u00f3grafo de Sebastiao Salgado","robots":{"index":"index","follow":"follow","max-snippet":"max-snippet:-1","max-image-preview":"max-image-preview:large","max-video-preview":"max-video-preview:-1"},"canonical":"https:\/\/inesgilh.com\/?p=167","og_locale":"es_ES","og_type":"article","og_title":"Sebastiao Salgado - La sal de la Tierra (Documental)","og_description":"La Sal de la Tierra es el t\u00edtulo del documental dirigido por Wim Wenders y Juliano Ribeiro Salgado que recorre 40 a\u00f1os como fot\u00f3grafo de Sebastiao Salgado","og_url":"https:\/\/inesgilh.com\/?p=167","og_site_name":"FOTOEXPRESIONES","article_publisher":"https:\/\/www.facebook.com\/fotoxpresiones\/","article_published_time":"2014-10-31T17:14:50+00:00","article_modified_time":"2014-11-07T14:50:00+00:00","og_image":[{"url":"https:\/\/inesgilh.com\/wp-content\/uploads\/2014\/10\/Sebasti\u00e3o-Salgado-11-150x150.jpg","type":"","width":"","height":""}],"author":"Inesgilh","twitter_misc":{"Escrito por":"Inesgilh","Tiempo de lectura":"2 minutos"},"schema":{"@context":"https:\/\/schema.org","@graph":[{"@type":"Article","@id":"https:\/\/inesgilh.com\/?p=167#article","isPartOf":{"@id":"https:\/\/inesgilh.com\/?p=167"},"author":{"name":"Inesgilh","@id":"https:\/\/inesgilh.com\/#\/schema\/person\/56c555fbd85d93fd90e2cf1a0087e2b9"},"headline":"Sebastiao Salgado &#8211; La Sal de la Tierra (Documental)","datePublished":"2014-10-31T17:14:50+00:00","dateModified":"2014-11-07T14:50:00+00:00","mainEntityOfPage":{"@id":"https:\/\/inesgilh.com\/?p=167"},"wordCount":355,"commentCount":0,"image":{"@id":"https:\/\/inesgilh.com\/?p=167#primaryimage"},"thumbnailUrl":"https:\/\/inesgilh.com\/wp-content\/uploads\/2014\/10\/Sebastao-Salgado.jpg","keywords":["documental","la sal de la tierra","Sebastiao Salgado"],"articleSection":["Cine","Fotografos"],"inLanguage":"es","potentialAction":[{"@type":"CommentAction","name":"Comment","target":["https:\/\/inesgilh.com\/?p=167#respond"]}]},{"@type":"WebPage","@id":"https:\/\/inesgilh.com\/?p=167","url":"https:\/\/inesgilh.com\/?p=167","name":"Sebastiao Salgado - La sal de la Tierra (Documental)","isPartOf":{"@id":"https:\/\/inesgilh.com\/#website"},"primaryImageOfPage":{"@id":"https:\/\/inesgilh.com\/?p=167#primaryimage"},"image":{"@id":"https:\/\/inesgilh.com\/?p=167#primaryimage"},"thumbnailUrl":"https:\/\/inesgilh.com\/wp-content\/uploads\/2014\/10\/Sebastao-Salgado.jpg","datePublished":"2014-10-31T17:14:50+00:00","dateModified":"2014-11-07T14:50:00+00:00","author":{"@id":"https:\/\/inesgilh.com\/#\/schema\/person\/56c555fbd85d93fd90e2cf1a0087e2b9"},"description":"La Sal de la Tierra es el t\u00edtulo del documental dirigido por Wim Wenders y Juliano Ribeiro Salgado que recorre 40 a\u00f1os como fot\u00f3grafo de Sebastiao Salgado","breadcrumb":{"@id":"https:\/\/inesgilh.com\/?p=167#breadcrumb"},"inLanguage":"es","potentialAction":[{"@type":"ReadAction","target":["https:\/\/inesgilh.com\/?p=167"]}]},{"@type":"ImageObject","inLanguage":"es","@id":"https:\/\/inesgilh.com\/?p=167#primaryimage","url":"https:\/\/inesgilh.com\/wp-content\/uploads\/2014\/10\/Sebastao-Salgado.jpg","contentUrl":"https:\/\/inesgilh.com\/wp-content\/uploads\/2014\/10\/Sebastao-Salgado.jpg","width":870,"height":657},{"@type":"BreadcrumbList","@id":"https:\/\/inesgilh.com\/?p=167#breadcrumb","itemListElement":[{"@type":"ListItem","position":1,"name":"Portada","item":"https:\/\/inesgilh.com\/"},{"@type":"ListItem","position":2,"name":"Sebastiao Salgado &#8211; La Sal de la Tierra (Documental)"}]},{"@type":"WebSite","@id":"https:\/\/inesgilh.com\/#website","url":"https:\/\/inesgilh.com\/","name":"FOTOEXPRESIONES","description":"In\u00e9s Gil Herrera -  Fotograf\u00eda","potentialAction":[{"@type":"SearchAction","target":{"@type":"EntryPoint","urlTemplate":"https:\/\/inesgilh.com\/?s={search_term_string}"},"query-input":{"@type":"PropertyValueSpecification","valueRequired":true,"valueName":"search_term_string"}}],"inLanguage":"es"},{"@type":"Person","@id":"https:\/\/inesgilh.com\/#\/schema\/person\/56c555fbd85d93fd90e2cf1a0087e2b9","name":"Inesgilh","image":{"@type":"ImageObject","inLanguage":"es","@id":"https:\/\/secure.gravatar.com\/avatar\/2bb5d53a0a68150b3f5774392e9565e496ff199773b89bff31649f2e0b2d04b9?s=96&d=mm&r=g","url":"https:\/\/secure.gravatar.com\/avatar\/2bb5d53a0a68150b3f5774392e9565e496ff199773b89bff31649f2e0b2d04b9?s=96&d=mm&r=g","contentUrl":"https:\/\/secure.gravatar.com\/avatar\/2bb5d53a0a68150b3f5774392e9565e496ff199773b89bff31649f2e0b2d04b9?s=96&d=mm&r=g","caption":"Inesgilh"},"sameAs":["https:\/\/www.inesgilh.com","https:\/\/x.com\/Fotoxpresiones"]}]}},"_links":{"self":[{"href":"https:\/\/inesgilh.com\/index.php?rest_route=\/wp\/v2\/posts\/167","targetHints":{"allow":["GET"]}}],"collection":[{"href":"https:\/\/inesgilh.com\/index.php?rest_route=\/wp\/v2\/posts"}],"about":[{"href":"https:\/\/inesgilh.com\/index.php?rest_route=\/wp\/v2\/types\/post"}],"author":[{"embeddable":true,"href":"https:\/\/inesgilh.com\/index.php?rest_route=\/wp\/v2\/users\/1"}],"replies":[{"embeddable":true,"href":"https:\/\/inesgilh.com\/index.php?rest_route=%2Fwp%2Fv2%2Fcomments&post=167"}],"version-history":[{"count":0,"href":"https:\/\/inesgilh.com\/index.php?rest_route=\/wp\/v2\/posts\/167\/revisions"}],"wp:attachment":[{"href":"https:\/\/inesgilh.com\/index.php?rest_route=%2Fwp%2Fv2%2Fmedia&parent=167"}],"wp:term":[{"taxonomy":"category","embeddable":true,"href":"https:\/\/inesgilh.com\/index.php?rest_route=%2Fwp%2Fv2%2Fcategories&post=167"},{"taxonomy":"post_tag","embeddable":true,"href":"https:\/\/inesgilh.com\/index.php?rest_route=%2Fwp%2Fv2%2Ftags&post=167"}],"curies":[{"name":"wp","href":"https:\/\/api.w.org\/{rel}","templated":true}]}}