{"id":322,"date":"2015-03-20T20:00:31","date_gmt":"2015-03-20T19:00:31","guid":{"rendered":"http:\/\/inesgilh.com\/?p=322"},"modified":"2015-03-20T20:11:51","modified_gmt":"2015-03-20T19:11:51","slug":"des_carados-2","status":"publish","type":"post","link":"https:\/\/inesgilh.com\/?p=322","title":{"rendered":"Des_carados"},"content":{"rendered":"<p><strong><em>Todo lo que vemos oculta otra cosa, y nosotros queremos siempre ver qu\u00e9 se oculta tras lo que vemos.\u00a0<\/em> <\/strong>(Ren\u00e9 Magritte)<\/p>\n<p>\u00bfQui\u00e9n encontrar\u00eda entre estas fotograf\u00edas a Sebastiao Salgado? \u00bfY a Sergio Dalma?<\/p>\n<p>Hoy os quiero presentar un trabajo que empec\u00e9 hace a\u00f1o y medio y que espero seguir durante mucho tiempo: Des_carados<\/p>\n<p><iframe loading=\"lazy\" title=\"Des_carados\" src=\"https:\/\/player.vimeo.com\/video\/122752904?dnt=1&amp;app_id=122963\" width=\"1080\" height=\"608\" frameborder=\"0\" allow=\"autoplay; fullscreen\" allowfullscreen><\/iframe><\/p>\n<p>Hace a\u00f1o y medio iba por Madrid en el metro y me fij\u00e9 en que casi toda la gente (yo incluida) llevaba un dispositivo m\u00f3vil en la mano. Me puse a fotografiar esa situaci\u00f3n que me llam\u00f3 la atenci\u00f3n y fotografiando a un chico justo movi\u00f3 el brazo y le hice la foto en el instante en que la mano tapaba su cara. A su lado, una mujer m\u00f3vil en mano, se abanicaba con gracia y le hice unas fotos con el abanico y el m\u00f3vil, (buscaba el movimiento)<\/p>\n<p>La conexi\u00f3n de las dos fotograf\u00edas fue instant\u00e1nea en mi mente: dos personas en las que, por un instante, sus rostros hab\u00edan desaparecido. Ah\u00ed, en el metro de Madrid, surgi\u00f3 este trabajo y el nombre (tambi\u00e9n lleg\u00f3 a mi mente al instante).<\/p>\n<p>Ahora voy por la vida con el m\u00f3vil a mano, cual pistolero que va a desenfundar. Voy buscando situaciones, buscando encuadres, esperando ese preciso momento en el que el rostro de \u00abmi v\u00edctima\u00bb desaparezca.<\/p>\n<p>As\u00ed que ya sabes&#8230;<\/p>\n<p><strong>En cualquier momento, en cualquier lugar, alguien, con un simple m\u00f3vil&#8230;. observa las posturas, atiende los gestos, \u00a0compone el encuadre, espera pacientemente y nos congela, dej\u00e1ndonos para siempre&#8230; Des_carados<\/strong><\/p>\n","protected":false},"excerpt":{"rendered":"<p>Todo lo que vemos oculta otra cosa, y nosotros queremos siempre ver qu\u00e9 se oculta tras lo que vemos.\u00a0 (Ren\u00e9 Magritte) \u00bfQui\u00e9n encontrar\u00eda entre estas fotograf\u00edas a Sebastiao Salgado? \u00bfY a Sergio Dalma? Hoy os quiero presentar un trabajo que empec\u00e9 hace a\u00f1o y medio y que espero seguir durante mucho tiempo: Des_carados Hace a\u00f1o [&hellip;]<\/p>\n","protected":false},"author":1,"featured_media":0,"comment_status":"open","ping_status":"closed","sticky":false,"template":"","format":"standard","meta":{"_et_pb_use_builder":"","_et_pb_old_content":"","_et_gb_content_width":"","footnotes":""},"categories":[1],"tags":[21],"class_list":["post-322","post","type-post","status-publish","format-standard","hentry","category-uncategorized","tag-instante-decisivo"],"yoast_head":"<!-- This site is optimized with the Yoast SEO plugin v27.5 - https:\/\/yoast.com\/product\/yoast-seo-wordpress\/ -->\n<title>Des_carados:<\/title>\n<meta name=\"description\" content=\"\u00bfQui\u00e9n encontrar\u00eda entre estas fotograf\u00edas a Sebastiao Salgado? \u00bfY a Sergio Dalma? En cualquier momento, en cualquier lugar, alguien, con un simple m\u00f3vil.... observa las posturas, atiende los gestos, compone el encuadre, espera pacientemente y nos congela, dej\u00e1ndonos para siempre... Des_carados\" \/>\n<meta name=\"robots\" content=\"index, follow, max-snippet:-1, max-image-preview:large, max-video-preview:-1\" \/>\n<link rel=\"canonical\" href=\"https:\/\/inesgilh.com\/?p=322\" \/>\n<meta property=\"og:locale\" content=\"es_ES\" \/>\n<meta property=\"og:type\" content=\"article\" \/>\n<meta property=\"og:title\" content=\"Des_carados:\" \/>\n<meta property=\"og:description\" content=\"\u00bfQui\u00e9n encontrar\u00eda entre estas fotograf\u00edas a Sebastiao Salgado? \u00bfY a Sergio Dalma? En cualquier momento, en cualquier lugar, alguien, con un simple m\u00f3vil.... observa las posturas, atiende los gestos, compone el encuadre, espera pacientemente y nos congela, dej\u00e1ndonos para siempre... Des_carados\" \/>\n<meta property=\"og:url\" content=\"https:\/\/inesgilh.com\/?p=322\" \/>\n<meta property=\"og:site_name\" content=\"FOTOEXPRESIONES\" \/>\n<meta property=\"article:publisher\" content=\"https:\/\/www.facebook.com\/fotoxpresiones\/\" \/>\n<meta property=\"article:published_time\" content=\"2015-03-20T19:00:31+00:00\" \/>\n<meta property=\"article:modified_time\" content=\"2015-03-20T19:11:51+00:00\" \/>\n<meta name=\"author\" content=\"Inesgilh\" \/>\n<meta name=\"twitter:label1\" content=\"Escrito por\" \/>\n\t<meta name=\"twitter:data1\" content=\"Inesgilh\" \/>\n\t<meta name=\"twitter:label2\" content=\"Tiempo de lectura\" \/>\n\t<meta name=\"twitter:data2\" content=\"1 minuto\" \/>\n<script type=\"application\/ld+json\" class=\"yoast-schema-graph\">{\"@context\":\"https:\\\/\\\/schema.org\",\"@graph\":[{\"@type\":\"Article\",\"@id\":\"https:\\\/\\\/inesgilh.com\\\/?p=322#article\",\"isPartOf\":{\"@id\":\"https:\\\/\\\/inesgilh.com\\\/?p=322\"},\"author\":{\"name\":\"Inesgilh\",\"@id\":\"https:\\\/\\\/inesgilh.com\\\/#\\\/schema\\\/person\\\/56c555fbd85d93fd90e2cf1a0087e2b9\"},\"headline\":\"Des_carados\",\"datePublished\":\"2015-03-20T19:00:31+00:00\",\"dateModified\":\"2015-03-20T19:11:51+00:00\",\"mainEntityOfPage\":{\"@id\":\"https:\\\/\\\/inesgilh.com\\\/?p=322\"},\"wordCount\":279,\"commentCount\":0,\"keywords\":[\"Instante decisivo\"],\"articleSection\":[\"Uncategorized\"],\"inLanguage\":\"es\",\"potentialAction\":[{\"@type\":\"CommentAction\",\"name\":\"Comment\",\"target\":[\"https:\\\/\\\/inesgilh.com\\\/?p=322#respond\"]}]},{\"@type\":\"WebPage\",\"@id\":\"https:\\\/\\\/inesgilh.com\\\/?p=322\",\"url\":\"https:\\\/\\\/inesgilh.com\\\/?p=322\",\"name\":\"Des_carados:\",\"isPartOf\":{\"@id\":\"https:\\\/\\\/inesgilh.com\\\/#website\"},\"datePublished\":\"2015-03-20T19:00:31+00:00\",\"dateModified\":\"2015-03-20T19:11:51+00:00\",\"author\":{\"@id\":\"https:\\\/\\\/inesgilh.com\\\/#\\\/schema\\\/person\\\/56c555fbd85d93fd90e2cf1a0087e2b9\"},\"description\":\"\u00bfQui\u00e9n encontrar\u00eda entre estas fotograf\u00edas a Sebastiao Salgado? \u00bfY a Sergio Dalma? En cualquier momento, en cualquier lugar, alguien, con un simple m\u00f3vil.... observa las posturas, atiende los gestos, compone el encuadre, espera pacientemente y nos congela, dej\u00e1ndonos para siempre... Des_carados\",\"breadcrumb\":{\"@id\":\"https:\\\/\\\/inesgilh.com\\\/?p=322#breadcrumb\"},\"inLanguage\":\"es\",\"potentialAction\":[{\"@type\":\"ReadAction\",\"target\":[\"https:\\\/\\\/inesgilh.com\\\/?p=322\"]}]},{\"@type\":\"BreadcrumbList\",\"@id\":\"https:\\\/\\\/inesgilh.com\\\/?p=322#breadcrumb\",\"itemListElement\":[{\"@type\":\"ListItem\",\"position\":1,\"name\":\"Portada\",\"item\":\"https:\\\/\\\/inesgilh.com\\\/\"},{\"@type\":\"ListItem\",\"position\":2,\"name\":\"Des_carados\"}]},{\"@type\":\"WebSite\",\"@id\":\"https:\\\/\\\/inesgilh.com\\\/#website\",\"url\":\"https:\\\/\\\/inesgilh.com\\\/\",\"name\":\"FOTOEXPRESIONES\",\"description\":\"In\u00e9s Gil Herrera -  Fotograf\u00eda\",\"potentialAction\":[{\"@type\":\"SearchAction\",\"target\":{\"@type\":\"EntryPoint\",\"urlTemplate\":\"https:\\\/\\\/inesgilh.com\\\/?s={search_term_string}\"},\"query-input\":{\"@type\":\"PropertyValueSpecification\",\"valueRequired\":true,\"valueName\":\"search_term_string\"}}],\"inLanguage\":\"es\"},{\"@type\":\"Person\",\"@id\":\"https:\\\/\\\/inesgilh.com\\\/#\\\/schema\\\/person\\\/56c555fbd85d93fd90e2cf1a0087e2b9\",\"name\":\"Inesgilh\",\"image\":{\"@type\":\"ImageObject\",\"inLanguage\":\"es\",\"@id\":\"https:\\\/\\\/secure.gravatar.com\\\/avatar\\\/2bb5d53a0a68150b3f5774392e9565e496ff199773b89bff31649f2e0b2d04b9?s=96&d=mm&r=g\",\"url\":\"https:\\\/\\\/secure.gravatar.com\\\/avatar\\\/2bb5d53a0a68150b3f5774392e9565e496ff199773b89bff31649f2e0b2d04b9?s=96&d=mm&r=g\",\"contentUrl\":\"https:\\\/\\\/secure.gravatar.com\\\/avatar\\\/2bb5d53a0a68150b3f5774392e9565e496ff199773b89bff31649f2e0b2d04b9?s=96&d=mm&r=g\",\"caption\":\"Inesgilh\"},\"sameAs\":[\"https:\\\/\\\/www.inesgilh.com\",\"https:\\\/\\\/x.com\\\/Fotoxpresiones\"]}]}<\/script>\n<!-- \/ Yoast SEO plugin. -->","yoast_head_json":{"title":"Des_carados:","description":"\u00bfQui\u00e9n encontrar\u00eda entre estas fotograf\u00edas a Sebastiao Salgado? \u00bfY a Sergio Dalma? En cualquier momento, en cualquier lugar, alguien, con un simple m\u00f3vil.... observa las posturas, atiende los gestos, compone el encuadre, espera pacientemente y nos congela, dej\u00e1ndonos para siempre... Des_carados","robots":{"index":"index","follow":"follow","max-snippet":"max-snippet:-1","max-image-preview":"max-image-preview:large","max-video-preview":"max-video-preview:-1"},"canonical":"https:\/\/inesgilh.com\/?p=322","og_locale":"es_ES","og_type":"article","og_title":"Des_carados:","og_description":"\u00bfQui\u00e9n encontrar\u00eda entre estas fotograf\u00edas a Sebastiao Salgado? \u00bfY a Sergio Dalma? En cualquier momento, en cualquier lugar, alguien, con un simple m\u00f3vil.... observa las posturas, atiende los gestos, compone el encuadre, espera pacientemente y nos congela, dej\u00e1ndonos para siempre... Des_carados","og_url":"https:\/\/inesgilh.com\/?p=322","og_site_name":"FOTOEXPRESIONES","article_publisher":"https:\/\/www.facebook.com\/fotoxpresiones\/","article_published_time":"2015-03-20T19:00:31+00:00","article_modified_time":"2015-03-20T19:11:51+00:00","author":"Inesgilh","twitter_misc":{"Escrito por":"Inesgilh","Tiempo de lectura":"1 minuto"},"schema":{"@context":"https:\/\/schema.org","@graph":[{"@type":"Article","@id":"https:\/\/inesgilh.com\/?p=322#article","isPartOf":{"@id":"https:\/\/inesgilh.com\/?p=322"},"author":{"name":"Inesgilh","@id":"https:\/\/inesgilh.com\/#\/schema\/person\/56c555fbd85d93fd90e2cf1a0087e2b9"},"headline":"Des_carados","datePublished":"2015-03-20T19:00:31+00:00","dateModified":"2015-03-20T19:11:51+00:00","mainEntityOfPage":{"@id":"https:\/\/inesgilh.com\/?p=322"},"wordCount":279,"commentCount":0,"keywords":["Instante decisivo"],"articleSection":["Uncategorized"],"inLanguage":"es","potentialAction":[{"@type":"CommentAction","name":"Comment","target":["https:\/\/inesgilh.com\/?p=322#respond"]}]},{"@type":"WebPage","@id":"https:\/\/inesgilh.com\/?p=322","url":"https:\/\/inesgilh.com\/?p=322","name":"Des_carados:","isPartOf":{"@id":"https:\/\/inesgilh.com\/#website"},"datePublished":"2015-03-20T19:00:31+00:00","dateModified":"2015-03-20T19:11:51+00:00","author":{"@id":"https:\/\/inesgilh.com\/#\/schema\/person\/56c555fbd85d93fd90e2cf1a0087e2b9"},"description":"\u00bfQui\u00e9n encontrar\u00eda entre estas fotograf\u00edas a Sebastiao Salgado? \u00bfY a Sergio Dalma? En cualquier momento, en cualquier lugar, alguien, con un simple m\u00f3vil.... observa las posturas, atiende los gestos, compone el encuadre, espera pacientemente y nos congela, dej\u00e1ndonos para siempre... Des_carados","breadcrumb":{"@id":"https:\/\/inesgilh.com\/?p=322#breadcrumb"},"inLanguage":"es","potentialAction":[{"@type":"ReadAction","target":["https:\/\/inesgilh.com\/?p=322"]}]},{"@type":"BreadcrumbList","@id":"https:\/\/inesgilh.com\/?p=322#breadcrumb","itemListElement":[{"@type":"ListItem","position":1,"name":"Portada","item":"https:\/\/inesgilh.com\/"},{"@type":"ListItem","position":2,"name":"Des_carados"}]},{"@type":"WebSite","@id":"https:\/\/inesgilh.com\/#website","url":"https:\/\/inesgilh.com\/","name":"FOTOEXPRESIONES","description":"In\u00e9s Gil Herrera -  Fotograf\u00eda","potentialAction":[{"@type":"SearchAction","target":{"@type":"EntryPoint","urlTemplate":"https:\/\/inesgilh.com\/?s={search_term_string}"},"query-input":{"@type":"PropertyValueSpecification","valueRequired":true,"valueName":"search_term_string"}}],"inLanguage":"es"},{"@type":"Person","@id":"https:\/\/inesgilh.com\/#\/schema\/person\/56c555fbd85d93fd90e2cf1a0087e2b9","name":"Inesgilh","image":{"@type":"ImageObject","inLanguage":"es","@id":"https:\/\/secure.gravatar.com\/avatar\/2bb5d53a0a68150b3f5774392e9565e496ff199773b89bff31649f2e0b2d04b9?s=96&d=mm&r=g","url":"https:\/\/secure.gravatar.com\/avatar\/2bb5d53a0a68150b3f5774392e9565e496ff199773b89bff31649f2e0b2d04b9?s=96&d=mm&r=g","contentUrl":"https:\/\/secure.gravatar.com\/avatar\/2bb5d53a0a68150b3f5774392e9565e496ff199773b89bff31649f2e0b2d04b9?s=96&d=mm&r=g","caption":"Inesgilh"},"sameAs":["https:\/\/www.inesgilh.com","https:\/\/x.com\/Fotoxpresiones"]}]}},"_links":{"self":[{"href":"https:\/\/inesgilh.com\/index.php?rest_route=\/wp\/v2\/posts\/322","targetHints":{"allow":["GET"]}}],"collection":[{"href":"https:\/\/inesgilh.com\/index.php?rest_route=\/wp\/v2\/posts"}],"about":[{"href":"https:\/\/inesgilh.com\/index.php?rest_route=\/wp\/v2\/types\/post"}],"author":[{"embeddable":true,"href":"https:\/\/inesgilh.com\/index.php?rest_route=\/wp\/v2\/users\/1"}],"replies":[{"embeddable":true,"href":"https:\/\/inesgilh.com\/index.php?rest_route=%2Fwp%2Fv2%2Fcomments&post=322"}],"version-history":[{"count":0,"href":"https:\/\/inesgilh.com\/index.php?rest_route=\/wp\/v2\/posts\/322\/revisions"}],"wp:attachment":[{"href":"https:\/\/inesgilh.com\/index.php?rest_route=%2Fwp%2Fv2%2Fmedia&parent=322"}],"wp:term":[{"taxonomy":"category","embeddable":true,"href":"https:\/\/inesgilh.com\/index.php?rest_route=%2Fwp%2Fv2%2Fcategories&post=322"},{"taxonomy":"post_tag","embeddable":true,"href":"https:\/\/inesgilh.com\/index.php?rest_route=%2Fwp%2Fv2%2Ftags&post=322"}],"curies":[{"name":"wp","href":"https:\/\/api.w.org\/{rel}","templated":true}]}}